{"id":272,"date":"2018-01-10T12:24:11","date_gmt":"2018-01-10T14:24:11","guid":{"rendered":"http:\/\/www.dresavimas.lt\/b\/?p=272"},"modified":"2018-01-10T13:59:35","modified_gmt":"2018-01-10T15:59:35","slug":"maltos-bisonas","status":"publish","type":"post","link":"https:\/\/www.dresavimas.lt\/b\/maltos-bisonas\/","title":{"rendered":"Maltos bi\u0161onas"},"content":{"rendered":"<figure id=\"attachment_273\" aria-describedby=\"caption-attachment-273\" style=\"width: 419px\" class=\"wp-caption alignnone\"><img loading=\"lazy\" decoding=\"async\" class=\" wp-image-273\" src=\"http:\/\/www.dresavimas.lt\/b\/wp-content\/uploads\/2018\/01\/asqwed-300x158.jpg\" alt=\"Maltos bi\u0161onas\" width=\"419\" height=\"221\" srcset=\"https:\/\/www.dresavimas.lt\/b\/wp-content\/uploads\/2018\/01\/asqwed-300x158.jpg 300w, https:\/\/www.dresavimas.lt\/b\/wp-content\/uploads\/2018\/01\/asqwed-768x403.jpg 768w, https:\/\/www.dresavimas.lt\/b\/wp-content\/uploads\/2018\/01\/asqwed-1024x538.jpg 1024w, https:\/\/www.dresavimas.lt\/b\/wp-content\/uploads\/2018\/01\/asqwed.jpg 1200w\" sizes=\"auto, (max-width: 419px) 100vw, 419px\" \/><figcaption id=\"caption-attachment-273\" class=\"wp-caption-text\">Maltos bi\u0161onas<\/figcaption><\/figure>\n<p>Lietuvoje vis da\u017eniau galima pamatyti baltus vietoje nenustygstan\u010dius ma\u017eus \u0161uniukus \u2013 Maltos bi\u0161onus. \u0160i veisl\u0117 buvo i\u0161vesta Maltoje ir yra kilusi sumai\u0161ius spanielio ir nyk\u0161tukinio pudelio. Seniau buvo \u012fvairi\u0173 spalv\u0173, ta\u010diau dabar i\u0161liko baltos spalvos. Jie ne tik itin \u0161veln\u016bs ir meil\u016bs, bet ir draugi\u0161ki, pasi\u017eymintys meile vaikams.<\/p>\n<h3><strong>I\u0161vaizda<\/strong><\/h3>\n<p>Tipi\u0161kai Maltos bi\u0161onas yra apie 25 cm \u016bgio, o sveria ne daugiau 4 kilogram\u0173. Jie nedidukai, trumpanosiai, o j\u0173 ausys nukarusios. Visi Maltos bi\u0161onai \u2013 balti, j\u0173 kailis tiesus ir lygus, \u0161ilkinis ir \u0161velnus, ilgaplaukiam bi\u0161onui u\u017eauga ilgas, ta\u010diau yra ir trumpaplauki\u0173. Kad bi\u0161ono kailis b\u016bt\u0173 gra\u017eus ir tvarkingas jam reikalinga nuolatin\u0117 prie\u017ei\u016bra, prausimas, nes kruop\u0161\u010diai nepri\u017ei\u016brimas kailis labai greitai susivelia ir netgi ima smird\u0117ti. Da\u017enai ilgaplaukiams bi\u0161onams ant galvos suri\u0161amos kasyt\u0117s, nes ilgi plaukai gali trukdyti matymui. Kadangi \u0161ie \u0161uniukai dekoratyv\u016bs, jie labiau tinkami miesto gyvenimui, bute, nei kaime, name. Taigi d\u0117l savo kailio Maltos bi\u0161oniukai \u2013 tikri miestie\u010diai.<\/p>\n<h3><strong>Charakteris<\/strong><\/h3>\n<p>Bi\u0161onams labai reikalingas aukl\u0117jimas ir dres\u016bra, pastovus lavinimas, nes i\u0161 prigimties Maltos bi\u0161onai n\u0117ra pati protingiausia \u0161un\u0173 veisl\u0117. \u0160iems \u0161unims, kaip ir kitiems, labai svarbus reguliarus jud\u0117jimas, jie \u017eymiai geriau jau\u010diasi pajud\u0117j\u0119. \u0160ie \u0161unys labai prierai\u0161\u016bs, tad jiems labai reikalingas \u0161eiminink\u0173 d\u0117mesys. Maltos bi\u0161onai mielai bi\u010diuliaujasi su vaikais ir yra nepaprastai \u017eaismingi. Ta\u010diau labai svarbu \u0161ios veisl\u0117s \u0161uniuk\u0173 nei\u0161lepinti ir skirti glob\u0105 ir meil\u0119 nuo lepinimo. Vis d\u0117lto \u0161ie \u0161unys puik\u016bs kompanionai, tod\u0117l ilgam vieni nepasilieka. Sutaria su kitais gyv\u016bnais, saugo savo \u0161eiminink\u0105 ir be reikalo neloja ir nors yra nedidukai, yra dr\u0105s\u016bs.<\/p>\n<h3><strong>Prie\u017ei\u016bra<\/strong><\/h3>\n<p>\u0160uniuko gyvenimo trukm\u0117 apie 15 met\u0173, ta\u010diau jie gana lep\u016bs. Kai kurie itin jautr\u016bs stuburo pa\u017eeidimams, ir labai i\u0161rank\u016bs maistui, \u0117da ne visk\u0105 ir greitai viduriuoja nuo jiems netinkamo \u0117dalo. Pasitaiko atvej\u0173, kai\u00a0 u\u017esikem\u0161a \u0161uniuk\u0173 a\u0161ar\u0173 ir nosies kanalai, d\u0117l to po akimis atsiranda nema\u017eai trai\u0161kan\u0173. Dar vienas pa\u017eeid\u017eiamas dalykas Maltos bi\u0161on\u0173 sveikatoje \u2013 dantys, nes jiems gana da\u017enai susidaro dant\u0173 akmenys ir netgi gali i\u0161kristi dantys. <strong><\/p>\n<p><\/strong><\/p>\n<p>&nbsp;<\/p>\n","protected":false},"excerpt":{"rendered":"<p>Lietuvoje vis da\u017eniau galima pamatyti baltus vietoje nenustygstan\u010dius ma\u017eus \u0161uniukus \u2013 Maltos bi\u0161onus. \u0160i veisl\u0117 buvo i\u0161vesta Maltoje ir yra kilusi sumai\u0161ius spanielio ir nyk\u0161tukinio pudelio. Seniau buvo \u012fvairi\u0173 spalv\u0173, &#8230;<\/p>\n","protected":false},"author":1,"featured_media":273,"comment_status":"closed","ping_status":"closed","sticky":false,"template":"","format":"standard","meta":{"footnotes":""},"categories":[448],"tags":[483,479,481,482,480],"class_list":["post-272","post","type-post","status-publish","format-standard","has-post-thumbnail","hentry","category-sunu-veisles","tag-garbanotas-maltos-bisonas","tag-maltos-bisonas","tag-maltos-bisonas-prieziura","tag-maltos-bisonas-trumpaplaukis","tag-maltos-bisonas-vikipedija"],"_links":{"self":[{"href":"https:\/\/www.dresavimas.lt\/b\/wp-json\/wp\/v2\/posts\/272","targetHints":{"allow":["GET"]}}],"collection":[{"href":"https:\/\/www.dresavimas.lt\/b\/wp-json\/wp\/v2\/posts"}],"about":[{"href":"https:\/\/www.dresavimas.lt\/b\/wp-json\/wp\/v2\/types\/post"}],"author":[{"embeddable":true,"href":"https:\/\/www.dresavimas.lt\/b\/wp-json\/wp\/v2\/users\/1"}],"replies":[{"embeddable":true,"href":"https:\/\/www.dresavimas.lt\/b\/wp-json\/wp\/v2\/comments?post=272"}],"version-history":[{"count":0,"href":"https:\/\/www.dresavimas.lt\/b\/wp-json\/wp\/v2\/posts\/272\/revisions"}],"wp:featuredmedia":[{"embeddable":true,"href":"https:\/\/www.dresavimas.lt\/b\/wp-json\/wp\/v2\/media\/273"}],"wp:attachment":[{"href":"https:\/\/www.dresavimas.lt\/b\/wp-json\/wp\/v2\/media?parent=272"}],"wp:term":[{"taxonomy":"category","embeddable":true,"href":"https:\/\/www.dresavimas.lt\/b\/wp-json\/wp\/v2\/categories?post=272"},{"taxonomy":"post_tag","embeddable":true,"href":"https:\/\/www.dresavimas.lt\/b\/wp-json\/wp\/v2\/tags?post=272"}],"curies":[{"name":"wp","href":"https:\/\/api.w.org\/{rel}","templated":true}]}}